{"id":11857,"date":"2022-12-21T10:30:14","date_gmt":"2022-12-21T15:30:14","guid":{"rendered":"https:\/\/mmecanique360-wp-engine.local\/?post_type=blog&#038;p=11857"},"modified":"2022-12-06T14:04:14","modified_gmt":"2022-12-06T19:04:14","slug":"les-vehicules-a-faibles-emissions-de-ges","status":"publish","type":"blog","link":"https:\/\/mmecanique360.com\/fr\/blogue\/les-vehicules-a-faibles-emissions-de-ges\/","title":{"rendered":"Quels v\u00e9hicules \u00e0 essence privil\u00e9gier pour r\u00e9duire vos \u00e9missions de GES?\ufffc"},"content":{"rendered":"\n<p><\/p>\n\n\n\n<p>Les v\u00e9hicules aliment\u00e9s au carburant, comme l\u2019essence et le diesel, produisent un m\u00e9lange de gaz \u00e0 effet de serre (GES), dont le dioxyde de carbone, le m\u00e9thane et l\u2019oxyde nitreux, qui ont un fort potentiel de r\u00e9chauffement de la plan\u00e8te. Si vous souhaitez r\u00e9duire vos \u00e9missions de GES et que vous \u00eates \u00e0 la recherche de votre prochain v\u00e9hicule, voici ceux vers lesquels vous devriez vous tourner!<\/p>\n\n\n\n<p>Si possible, privil\u00e9giez les mod\u00e8les hybrides, notamment ceux qui sont rechargeables. Bien qu\u2019ils utilisent encore l\u2019essence pour diverses fonctions, ils pr\u00e9sentent le net avantage de vous permettre de parcourir vos premi\u00e8res dizaines de kilom\u00e8tres en mode compl\u00e8tement \u00e9lectrique. Ce n\u2019est qu\u2019apr\u00e8s l\u2019\u00e9puisement de la batterie que l\u2019essence est mise \u00e0 contribution, ce qui diminue votre empreinte \u00e9cologique. Parmi les mod\u00e8les qui se d\u00e9marquent pour leurs faibles \u00e9missions de gaz carbonique se trouvent l\u2019Audi&nbsp;A7 Sportback 55 TFSI e quattro, le Lincoln Corsair Grand Touring, le Kia Niro et l\u2019Elantra Hybrid Blue.<\/p>\n\n\n\n<p><\/p>\n\n\n\n<p>Si vous pr\u00e9f\u00e9rez acqu\u00e9rir un v\u00e9hicule enti\u00e8rement aliment\u00e9 au carburant, vous avez aussi plusieurs possibilit\u00e9s int\u00e9ressantes. En effet, de nombreux constructeurs automobiles tendent \u00e0 proposer des mod\u00e8les plus \u00e9co\u00e9nerg\u00e9tiques dans toutes les cat\u00e9gories (berline, camionnette, etc.). Voici quelques choix intelligents&nbsp;en ce sens&nbsp;: la Mazda&nbsp;MX-5, la MINI Cooper Convertible, la Chevrolet Spark, le Chevrolet Silverado et le Ram 1500&nbsp;HFE EcoDiesel. L\u2019entretien rigoureux de votre v\u00e9hicule a \u00e9galement un grand impact sur vos \u00e9missions de GES, notamment parce que des composantes us\u00e9es (pneus, freins, etc.) contribuent \u00e0 augmenter votre consommation de carburant. Quels que soient son \u00e2ge et sa marque, pensez \u00e0 le confier \u00e0 votre atelier M M\u00e9canique 360!<\/p>\n\n\n\n<p><\/p>\n\n\n\n<p><strong>Sources&nbsp;:<\/strong><\/p>\n\n\n\n<p><a href=\"https:\/\/www.auto123.com\/fr\/actualites\/top10\/top-10-vehicules-moins-polluants-canada\/68323\/\">Les 10 v\u00e9hicules neufs les moins polluants au Canada selon Auto123<\/a><\/p>\n\n\n\n<p><a href=\"https:\/\/www.rncan.gc.ca\/efficacite-energetique\/efficacite-energetique-transports-carburants-remplacement\/guide-consommation-carburant\/vehicules-plus-ecoenergetiques\/21005\">Les v\u00e9hicules 2022 les plus \u00e9co\u00e9nerg\u00e9tiques selon Ressources naturelles Canada<\/a><\/p>\n","protected":false},"excerpt":{"rendered":"<p>Les v\u00e9hicules aliment\u00e9s au carburant, comme l\u2019essence et le diesel, produisent un m\u00e9lange de gaz \u00e0 effet de serre (GES), dont le dioxyde de carbone, le m\u00e9thane et l\u2019oxyde nitreux, qui ont un fort potentiel de r\u00e9chauffement de la plan\u00e8te. Si vous souhaitez r\u00e9duire vos \u00e9missions de GES et que vous \u00eates \u00e0 la recherche &hellip;<\/p>\n","protected":false},"author":7,"featured_media":11859,"template":"","meta":{"footnotes":""},"blog_category":[479],"class_list":["post-11857","blog","type-blog","status-publish","has-post-thumbnail","hentry","blog_category-auto-ecolo-vert-environnement"],"yoast_head":"<!-- This site is optimized with the Yoast SEO plugin v27.5 - https:\/\/yoast.com\/product\/yoast-seo-wordpress\/ -->\n<title>Quels v\u00e9hicules \u00e0 essence privil\u00e9gier pour r\u00e9duire vos \u00e9missions de GES?\ufffc M M\u00e9canique 360 -<\/title>\n<meta name=\"description\" content=\"Vous d\u00e9sirez r\u00e9duire votre empreinte \u00e9cologique? Voici quelques suggestions de v\u00e9hicules \u00e0 essence \u00e0 privil\u00e9gier pour atteindre vos objectifs!\" \/>\n<meta name=\"robots\" content=\"index, follow, max-snippet:-1, max-image-preview:large, max-video-preview:-1\" \/>\n<link rel=\"canonical\" href=\"https:\/\/mmecanique360.com\/fr\/blogue\/les-vehicules-a-faibles-emissions-de-ges\/\" \/>\n<meta property=\"og:locale\" content=\"fr_CA\" \/>\n<meta property=\"og:type\" content=\"article\" \/>\n<meta property=\"og:title\" content=\"Quels v\u00e9hicules \u00e0 essence privil\u00e9gier pour r\u00e9duire vos \u00e9missions de GES?\ufffc M M\u00e9canique 360 -\" \/>\n<meta property=\"og:description\" content=\"Vous d\u00e9sirez r\u00e9duire votre empreinte \u00e9cologique? Voici quelques suggestions de v\u00e9hicules \u00e0 essence \u00e0 privil\u00e9gier pour atteindre vos objectifs!\" \/>\n<meta property=\"og:url\" content=\"https:\/\/mmecanique360.com\/fr\/wp-json\/wp\/v2\/blog\/11857\" \/>\n<meta property=\"og:site_name\" content=\"M M\u00e9canique 360\" \/>\n<meta property=\"og:image\" content=\"https:\/\/mmecanique360.com\/wp-content\/themes\/360-mechanic-wordpress-theme\/assets\/img\/logo.png?date=2022-09-09\" \/>\n\t<meta property=\"og:image:width\" content=\"190\" \/>\n\t<meta property=\"og:image:height\" content=\"177\" \/><meta property=\"og:image\" content=\"https:\/\/mmecanique360.com\/wp-content\/uploads\/2022\/12\/SMC_MMecanique360_AutoEcolo_Essence_V2-1024x683.jpg\" \/>\n\t<meta property=\"og:image:width\" content=\"1024\" \/>\n\t<meta property=\"og:image:height\" content=\"683\" \/>\n\t<meta property=\"og:image:type\" content=\"image\/jpeg\" \/>\n<meta name=\"twitter:card\" content=\"summary_large_image\" \/>\n<meta name=\"twitter:label1\" content=\"Estimation du temps de lecture\" \/>\n\t<meta name=\"twitter:data1\" content=\"2 minutes\" \/>\n<script type=\"application\/ld+json\" class=\"yoast-schema-graph\">{\"@context\":\"https:\\\/\\\/schema.org\",\"@graph\":[{\"@type\":\"WebPage\",\"@id\":\"https:\\\/\\\/mmecanique360.com\\\/fr\\\/blogue\\\/les-vehicules-a-faibles-emissions-de-ges\\\/\",\"url\":\"https:\\\/\\\/mmecanique360.com\\\/fr\\\/blogue\\\/les-vehicules-a-faibles-emissions-de-ges\\\/\",\"name\":\"Quels v\u00e9hicules \u00e0 essence privil\u00e9gier pour r\u00e9duire vos \u00e9missions de GES?\ufffc M M\u00e9canique 360 -\",\"isPartOf\":{\"@id\":\"https:\\\/\\\/mmecanique360.com\\\/fr\\\/#website\"},\"primaryImageOfPage\":{\"@id\":\"https:\\\/\\\/mmecanique360.com\\\/fr\\\/blogue\\\/les-vehicules-a-faibles-emissions-de-ges\\\/#primaryimage\"},\"image\":{\"@id\":\"https:\\\/\\\/mmecanique360.com\\\/fr\\\/blogue\\\/les-vehicules-a-faibles-emissions-de-ges\\\/#primaryimage\"},\"thumbnailUrl\":\"https:\\\/\\\/mmecanique360.com\\\/wp-content\\\/uploads\\\/2022\\\/12\\\/SMC_MMecanique360_AutoEcolo_Essence_V2.jpg\",\"datePublished\":\"2022-12-21T15:30:14+00:00\",\"description\":\"Vous d\u00e9sirez r\u00e9duire votre empreinte \u00e9cologique? Voici quelques suggestions de v\u00e9hicules \u00e0 essence \u00e0 privil\u00e9gier pour atteindre vos objectifs!\",\"breadcrumb\":{\"@id\":\"https:\\\/\\\/mmecanique360.com\\\/fr\\\/blogue\\\/les-vehicules-a-faibles-emissions-de-ges\\\/#breadcrumb\"},\"inLanguage\":\"fr-CA\",\"potentialAction\":[{\"@type\":\"ReadAction\",\"target\":[\"https:\\\/\\\/mmecanique360.com\\\/fr\\\/blogue\\\/les-vehicules-a-faibles-emissions-de-ges\\\/\"]}]},{\"@type\":\"ImageObject\",\"inLanguage\":\"fr-CA\",\"@id\":\"https:\\\/\\\/mmecanique360.com\\\/fr\\\/blogue\\\/les-vehicules-a-faibles-emissions-de-ges\\\/#primaryimage\",\"url\":\"https:\\\/\\\/mmecanique360.com\\\/wp-content\\\/uploads\\\/2022\\\/12\\\/SMC_MMecanique360_AutoEcolo_Essence_V2.jpg\",\"contentUrl\":\"https:\\\/\\\/mmecanique360.com\\\/wp-content\\\/uploads\\\/2022\\\/12\\\/SMC_MMecanique360_AutoEcolo_Essence_V2.jpg\",\"width\":1999,\"height\":1333,\"caption\":\"Barcelona, Spain - May 19, 2019: Kia Niro PHEV showcased at Automobile Barcelona 2019.\"},{\"@type\":\"BreadcrumbList\",\"@id\":\"https:\\\/\\\/mmecanique360.com\\\/fr\\\/blogue\\\/les-vehicules-a-faibles-emissions-de-ges\\\/#breadcrumb\",\"itemListElement\":[{\"@type\":\"ListItem\",\"position\":1,\"name\":\"Page d'accueil\",\"item\":\"https:\\\/\\\/mmecanique360.com\\\/fr\\\/\"},{\"@type\":\"ListItem\",\"position\":2,\"name\":\"blogue\",\"item\":\"https:\\\/\\\/mmecanique360.com\\\/fr\\\/blogue\\\/\"},{\"@type\":\"ListItem\",\"position\":3,\"name\":\"Quels v\u00e9hicules \u00e0 essence privil\u00e9gier pour r\u00e9duire vos \u00e9missions de GES?\ufffc\"}]},{\"@type\":\"WebSite\",\"@id\":\"https:\\\/\\\/mmecanique360.com\\\/fr\\\/#website\",\"url\":\"https:\\\/\\\/mmecanique360.com\\\/fr\\\/\",\"name\":\"M M\u00e9canique 360\",\"description\":\"M M\u00c9CANIQUE 360 MA\u00ceTRE DE LA ROUTE, AVEC VOUS!\",\"publisher\":{\"@id\":\"https:\\\/\\\/mmecanique360.com\\\/fr\\\/#organization\"},\"potentialAction\":[{\"@type\":\"SearchAction\",\"target\":{\"@type\":\"EntryPoint\",\"urlTemplate\":\"https:\\\/\\\/mmecanique360.com\\\/fr\\\/?s={search_term_string}\"},\"query-input\":{\"@type\":\"PropertyValueSpecification\",\"valueRequired\":true,\"valueName\":\"search_term_string\"}}],\"inLanguage\":\"fr-CA\"},{\"@type\":\"Organization\",\"@id\":\"https:\\\/\\\/mmecanique360.com\\\/fr\\\/#organization\",\"name\":\"M M\u00e9canique 360\",\"url\":\"https:\\\/\\\/mmecanique360.com\\\/fr\\\/\",\"logo\":{\"@type\":\"ImageObject\",\"inLanguage\":\"fr-CA\",\"@id\":\"https:\\\/\\\/mmecanique360.com\\\/fr\\\/#\\\/schema\\\/logo\\\/image\\\/\",\"url\":\"https:\\\/\\\/mmecanique360.com\\\/wp-content\\\/uploads\\\/2022\\\/08\\\/MM360_5057-1116_YAHOO_200x200_FR.jpg\",\"contentUrl\":\"https:\\\/\\\/mmecanique360.com\\\/wp-content\\\/uploads\\\/2022\\\/08\\\/MM360_5057-1116_YAHOO_200x200_FR.jpg\",\"width\":200,\"height\":200,\"caption\":\"M M\u00e9canique 360\"},\"image\":{\"@id\":\"https:\\\/\\\/mmecanique360.com\\\/fr\\\/#\\\/schema\\\/logo\\\/image\\\/\"}}]}<\/script>\n<!-- \/ Yoast SEO plugin. -->","yoast_head_json":{"title":"Quels v\u00e9hicules \u00e0 essence privil\u00e9gier pour r\u00e9duire vos \u00e9missions de GES?\ufffc M M\u00e9canique 360 -","description":"Vous d\u00e9sirez r\u00e9duire votre empreinte \u00e9cologique? Voici quelques suggestions de v\u00e9hicules \u00e0 essence \u00e0 privil\u00e9gier pour atteindre vos objectifs!","robots":{"index":"index","follow":"follow","max-snippet":"max-snippet:-1","max-image-preview":"max-image-preview:large","max-video-preview":"max-video-preview:-1"},"canonical":"https:\/\/mmecanique360.com\/fr\/blogue\/les-vehicules-a-faibles-emissions-de-ges\/","og_locale":"fr_CA","og_type":"article","og_title":"Quels v\u00e9hicules \u00e0 essence privil\u00e9gier pour r\u00e9duire vos \u00e9missions de GES?\ufffc M M\u00e9canique 360 -","og_description":"Vous d\u00e9sirez r\u00e9duire votre empreinte \u00e9cologique? Voici quelques suggestions de v\u00e9hicules \u00e0 essence \u00e0 privil\u00e9gier pour atteindre vos objectifs!","og_url":"https:\/\/mmecanique360.com\/fr\/wp-json\/wp\/v2\/blog\/11857","og_site_name":"M M\u00e9canique 360","og_image":[{"url":"https:\/\/mmecanique360.com\/wp-content\/themes\/360-mechanic-wordpress-theme\/assets\/img\/logo.png?date=2022-09-09","height":177,"width":190,"type":""},{"width":1024,"height":683,"url":"https:\/\/mmecanique360.com\/wp-content\/uploads\/2022\/12\/SMC_MMecanique360_AutoEcolo_Essence_V2-1024x683.jpg","type":"image\/jpeg"}],"twitter_card":"summary_large_image","twitter_misc":{"Estimation du temps de lecture":"2 minutes"},"schema":{"@context":"https:\/\/schema.org","@graph":[{"@type":"WebPage","@id":"https:\/\/mmecanique360.com\/fr\/blogue\/les-vehicules-a-faibles-emissions-de-ges\/","url":"https:\/\/mmecanique360.com\/fr\/blogue\/les-vehicules-a-faibles-emissions-de-ges\/","name":"Quels v\u00e9hicules \u00e0 essence privil\u00e9gier pour r\u00e9duire vos \u00e9missions de GES?\ufffc M M\u00e9canique 360 -","isPartOf":{"@id":"https:\/\/mmecanique360.com\/fr\/#website"},"primaryImageOfPage":{"@id":"https:\/\/mmecanique360.com\/fr\/blogue\/les-vehicules-a-faibles-emissions-de-ges\/#primaryimage"},"image":{"@id":"https:\/\/mmecanique360.com\/fr\/blogue\/les-vehicules-a-faibles-emissions-de-ges\/#primaryimage"},"thumbnailUrl":"https:\/\/mmecanique360.com\/wp-content\/uploads\/2022\/12\/SMC_MMecanique360_AutoEcolo_Essence_V2.jpg","datePublished":"2022-12-21T15:30:14+00:00","description":"Vous d\u00e9sirez r\u00e9duire votre empreinte \u00e9cologique? Voici quelques suggestions de v\u00e9hicules \u00e0 essence \u00e0 privil\u00e9gier pour atteindre vos objectifs!","breadcrumb":{"@id":"https:\/\/mmecanique360.com\/fr\/blogue\/les-vehicules-a-faibles-emissions-de-ges\/#breadcrumb"},"inLanguage":"fr-CA","potentialAction":[{"@type":"ReadAction","target":["https:\/\/mmecanique360.com\/fr\/blogue\/les-vehicules-a-faibles-emissions-de-ges\/"]}]},{"@type":"ImageObject","inLanguage":"fr-CA","@id":"https:\/\/mmecanique360.com\/fr\/blogue\/les-vehicules-a-faibles-emissions-de-ges\/#primaryimage","url":"https:\/\/mmecanique360.com\/wp-content\/uploads\/2022\/12\/SMC_MMecanique360_AutoEcolo_Essence_V2.jpg","contentUrl":"https:\/\/mmecanique360.com\/wp-content\/uploads\/2022\/12\/SMC_MMecanique360_AutoEcolo_Essence_V2.jpg","width":1999,"height":1333,"caption":"Barcelona, Spain - May 19, 2019: Kia Niro PHEV showcased at Automobile Barcelona 2019."},{"@type":"BreadcrumbList","@id":"https:\/\/mmecanique360.com\/fr\/blogue\/les-vehicules-a-faibles-emissions-de-ges\/#breadcrumb","itemListElement":[{"@type":"ListItem","position":1,"name":"Page d'accueil","item":"https:\/\/mmecanique360.com\/fr\/"},{"@type":"ListItem","position":2,"name":"blogue","item":"https:\/\/mmecanique360.com\/fr\/blogue\/"},{"@type":"ListItem","position":3,"name":"Quels v\u00e9hicules \u00e0 essence privil\u00e9gier pour r\u00e9duire vos \u00e9missions de GES?\ufffc"}]},{"@type":"WebSite","@id":"https:\/\/mmecanique360.com\/fr\/#website","url":"https:\/\/mmecanique360.com\/fr\/","name":"M M\u00e9canique 360","description":"M M\u00c9CANIQUE 360 MA\u00ceTRE DE LA ROUTE, AVEC VOUS!","publisher":{"@id":"https:\/\/mmecanique360.com\/fr\/#organization"},"potentialAction":[{"@type":"SearchAction","target":{"@type":"EntryPoint","urlTemplate":"https:\/\/mmecanique360.com\/fr\/?s={search_term_string}"},"query-input":{"@type":"PropertyValueSpecification","valueRequired":true,"valueName":"search_term_string"}}],"inLanguage":"fr-CA"},{"@type":"Organization","@id":"https:\/\/mmecanique360.com\/fr\/#organization","name":"M M\u00e9canique 360","url":"https:\/\/mmecanique360.com\/fr\/","logo":{"@type":"ImageObject","inLanguage":"fr-CA","@id":"https:\/\/mmecanique360.com\/fr\/#\/schema\/logo\/image\/","url":"https:\/\/mmecanique360.com\/wp-content\/uploads\/2022\/08\/MM360_5057-1116_YAHOO_200x200_FR.jpg","contentUrl":"https:\/\/mmecanique360.com\/wp-content\/uploads\/2022\/08\/MM360_5057-1116_YAHOO_200x200_FR.jpg","width":200,"height":200,"caption":"M M\u00e9canique 360"},"image":{"@id":"https:\/\/mmecanique360.com\/fr\/#\/schema\/logo\/image\/"}}]}},"_links":{"self":[{"href":"https:\/\/mmecanique360.com\/fr\/wp-json\/wp\/v2\/blog\/11857","targetHints":{"allow":["GET"]}}],"collection":[{"href":"https:\/\/mmecanique360.com\/fr\/wp-json\/wp\/v2\/blog"}],"about":[{"href":"https:\/\/mmecanique360.com\/fr\/wp-json\/wp\/v2\/types\/blog"}],"author":[{"embeddable":true,"href":"https:\/\/mmecanique360.com\/fr\/wp-json\/wp\/v2\/users\/7"}],"version-history":[{"count":0,"href":"https:\/\/mmecanique360.com\/fr\/wp-json\/wp\/v2\/blog\/11857\/revisions"}],"wp:featuredmedia":[{"embeddable":true,"href":"https:\/\/mmecanique360.com\/fr\/wp-json\/wp\/v2\/media\/11859"}],"wp:attachment":[{"href":"https:\/\/mmecanique360.com\/fr\/wp-json\/wp\/v2\/media?parent=11857"}],"wp:term":[{"taxonomy":"blog_category","embeddable":true,"href":"https:\/\/mmecanique360.com\/fr\/wp-json\/wp\/v2\/blog_category?post=11857"}],"curies":[{"name":"wp","href":"https:\/\/api.w.org\/{rel}","templated":true}]}}